[{"@context":"https:\/\/schema.org\/","@type":"Article","@id":"https:\/\/www.artpap.cz\/sperk-ktery-ochrani-telo-i-dusi\/#Article","mainEntityOfPage":"https:\/\/www.artpap.cz\/sperk-ktery-ochrani-telo-i-dusi\/","headline":"\u0160perk, kter\u00fd ochr\u00e1n\u00ed t\u011blo i du\u0161i","name":"\u0160perk, kter\u00fd ochr\u00e1n\u00ed t\u011blo i du\u0161i","description":"Snad \u017e\u00e1dn\u00fd \u0161perk nen\u00ed tolik roz\u0161\u00ed\u0159en\u00fd jako PRSTEN, kter\u00fd doprov\u00e1z\u00ed lidstvo v mnoha sv\u00fdch podob\u00e1ch. Um\u011blecky zhotoven\u00fd krou\u017eek na prst nenosily v dob\u00e1ch minul\u00fdch pouze bohat\u00e9 d\u00e1my, ale i \u017eeny z ni\u017e\u0161\u00edch kruh\u016f. Tam se ale v\u011bt\u0161inou jednalo o \u0161perk z takzvan\u00e9ho \u201eko\u010di\u010d\u00edho zlata\u201c. o Prsteny nosili a nos\u00ed i mu\u017ei. &#8211; V d\u0159\u00edv\u011bj\u0161\u00edch dob\u00e1ch [&hellip;]","datePublished":"2017-12-12","dateModified":"2023-05-07","author":{"@type":"Person","@id":"https:\/\/www.artpap.cz\/author\/#Person","name":"","url":"https:\/\/www.artpap.cz\/author\/","identifier":1,"image":{"@type":"ImageObject","@id":"https:\/\/secure.gravatar.com\/avatar\/9bd672608a9ea50cfcb35956b7f63dacf48dece49eb907e6bdd72bedd9991f24?s=96&d=mm&r=g","url":"https:\/\/secure.gravatar.com\/avatar\/9bd672608a9ea50cfcb35956b7f63dacf48dece49eb907e6bdd72bedd9991f24?s=96&d=mm&r=g","height":96,"width":96}},"publisher":{"@type":"Organization","name":"artpap.cz","logo":{"@type":"ImageObject","@id":"\/logo.png","url":"\/logo.png","width":600,"height":60}},"image":{"@type":"ImageObject","@id":"https:\/\/www.artpap.cz\/wp-content\/uploads\/img_a302402_w2367_t1512379467.jpg","url":"https:\/\/www.artpap.cz\/wp-content\/uploads\/img_a302402_w2367_t1512379467.jpg","height":0,"width":0},"url":"https:\/\/www.artpap.cz\/sperk-ktery-ochrani-telo-i-dusi\/","about":["Zbo\u017e\u00ed"],"wordCount":401,"articleBody":"    Snad \u017e\u00e1dn\u00fd \u0161perk nen\u00ed tolik roz\u0161\u00ed\u0159en\u00fd jako PRSTEN, kter\u00fd doprov\u00e1z\u00ed lidstvo v mnoha sv\u00fdch podob\u00e1ch. Um\u011blecky zhotoven\u00fd krou\u017eek na prst nenosily v dob\u00e1ch minul\u00fdch pouze bohat\u00e9 d\u00e1my, ale i \u017eeny z ni\u017e\u0161\u00edch kruh\u016f. Tam se ale v\u011bt\u0161inou jednalo o \u0161perk z takzvan\u00e9ho \u201eko\u010di\u010d\u00edho zlata\u201c. o Prsteny nosili a nos\u00ed i mu\u017ei. &#8211; V d\u0159\u00edv\u011bj\u0161\u00edch dob\u00e1ch se v\u011bt\u0161inou jednalo o prsteny pe\u010detn\u00ed, kter\u00fdmi jejich nositel\u00e9 pe\u010detili d\u016fle\u017eit\u00e9 listiny.A kone\u010dn\u011b prsten p\u0159eci najdeme na ruce i nejvy\u0161\u0161\u00edho p\u0159edstavitele c\u00edrkve, samotn\u00e9ho pape\u017ee.Nejroz\u0161\u00ed\u0159en\u011bj\u0161\u00ed funkc\u00ed prstenu je ale p\u0159eci jen sp\u00ed\u0161e kr\u00e1\u0161len\u00ed ruky sv\u00e9 nositelky. Tradi\u010dn\u00edm materi\u00e1lem na v\u00fdrobu t\u00e9to ozdoby je pochopiteln\u011b zlato. \u00a7 A nemus\u00ed se jednat pouze o klasick\u00e9 \u017elut\u00e9. \u00a7 M\u016f\u017eete si nechat zhotovit \u0161perk na zak\u00e1zku ze zlata b\u00edl\u00e9ho nebo \u010derven\u00e9ho. V posledn\u00ed dob\u011b jsou velice modern\u00ed i \u0161perky z platiny nebo palladia. U snubn\u00edch a z\u00e1snubn\u00edch prsten\u016f ale st\u00e1le p\u0159evl\u00e1d\u00e1 jako materi\u00e1l b\u00edl\u00e9 zlato. Z\u00e1snubn\u00ed prsten je vhodn\u00e9 osadit briliantem. Magick\u00e9 prsteny Kameny ve v\u00fdrob\u011b \u0161perk\u016f hraj\u00ed d\u016fle\u017eitou roli. N\u011bkter\u00fdm se i p\u0159i\u010d\u00edtaj\u00ed magick\u00e9 schopnosti. o Smaragd. &#8211; K\u00e1men zelen\u00e9 barvy, kter\u00fd je symbolem kultivovanosti a rozvahy.  o Diamant. &#8211; Drahokam b\u00edl\u00e9 barvy. Ve starov\u011bku lid\u00e9 v\u011b\u0159ili, \u017ee je tento k\u00e1men ochr\u00e1n\u00ed p\u0159ed \u00fa\u010dinky jed\u016f a p\u0159\u00edpadn\u00e9 otravy dok\u00e1\u017ee vyl\u00e9\u010dit. Opracovan\u00fd diamant se st\u00e1v\u00e1 briliantem. o Saf\u00edr. &#8211; Temn\u011b modr\u00fd k\u00e1men, kter\u00fd je v Asii spojen\u00fd s mnoha m\u00edstn\u00edmi legendami a pov\u011bstmi.  o Rub\u00edn. &#8211; Kr\u00e1sn\u00fd, syt\u011b \u010derven\u00fd k\u00e1men. I on m\u00e1 v pov\u011bstech svou nezastupitelnou funkci. Ten, kter\u00fd prsten s t\u00edmto kamenem nosil, chr\u00e1nil sv\u00e9 t\u011blo p\u0159ed morem a du\u0161i p\u0159ed \u010f\u00e1blem.  A\u0165 u\u017e \u010dlov\u011bk t\u011bmto p\u016fvabn\u00fdm pov\u011bstem v\u011b\u0159\u00ed nebo ne, jist\u00e9 je, \u017ee prsten s drah\u00fdm kamenem v\u017edy byl a z\u016fstane jedn\u00edm z nejkr\u00e1sn\u011bj\u0161\u00edch \u0161perk\u016f. A krom\u011b toho m\u00e1 jednu skv\u011blou vlastnost. Pokud nev\u00edte, co d\u00e1t \u017een\u011b jako d\u00e1rek , prstenem ji rozhodn\u011b neuraz\u00edte.                                                                                                                                                                                                                                                                                                                                                                                          3.7\/5 - (7 votes)        "},{"@context":"https:\/\/schema.org\/","@type":"BreadcrumbList","itemListElement":[{"@type":"ListItem","position":1,"name":"\u0160perk, kter\u00fd ochr\u00e1n\u00ed t\u011blo i du\u0161i","item":"https:\/\/www.artpap.cz\/sperk-ktery-ochrani-telo-i-dusi\/#breadcrumbitem"}]}]