[{"@context":"https:\/\/schema.org\/","@type":"Article","@id":"https:\/\/www.artpap.cz\/seznamka-na-facebooku-v-cesku-asi-ne\/#Article","mainEntityOfPage":"https:\/\/www.artpap.cz\/seznamka-na-facebooku-v-cesku-asi-ne\/","headline":"Seznamka na Facebooku? V \u010cesku asi ne","name":"Seznamka na Facebooku? V \u010cesku asi ne","description":"To, \u017ee je Dating ve v\u00fdvoji se v\u00ed u\u017e pomalu dva roky. Gener\u00e1ln\u00ed \u0159editel Facebooku Mark Zuckerberg nedlouho po ne\u0161\u0165astn\u00e9m skand\u00e1lu se zneu\u017eit\u00edm u\u017eivatelsk\u00fdch dat ozn\u00e1mil, \u017ee chystaj\u00ed pr\u00e1v\u011b toto roz\u0161\u00ed\u0159en\u00ed. Jako d\u016fvod uvedl, \u017ee je na soci\u00e1ln\u00ed s\u00edti zaregistrov\u00e1no n\u011bco p\u0159es 200 milion\u016f nezadan\u00fdch lid\u00ed. Alespo\u0148 to tedy nemaj\u00ed vypsan\u00e9 v profilu. C\u00edlem pro [&hellip;]","datePublished":"2020-02-11","dateModified":"2023-05-07","author":{"@type":"Person","@id":"https:\/\/www.artpap.cz\/author\/#Person","name":"","url":"https:\/\/www.artpap.cz\/author\/","identifier":1,"image":{"@type":"ImageObject","@id":"https:\/\/secure.gravatar.com\/avatar\/9bd672608a9ea50cfcb35956b7f63dacf48dece49eb907e6bdd72bedd9991f24?s=96&d=mm&r=g","url":"https:\/\/secure.gravatar.com\/avatar\/9bd672608a9ea50cfcb35956b7f63dacf48dece49eb907e6bdd72bedd9991f24?s=96&d=mm&r=g","height":96,"width":96}},"publisher":{"@type":"Organization","name":"artpap.cz","logo":{"@type":"ImageObject","@id":"\/logo.png","url":"\/logo.png","width":600,"height":60}},"image":{"@type":"ImageObject","@id":"https:\/\/www.artpap.cz\/wp-content\/uploads\/img_a370646_w2907_t1582259342.jpg","url":"https:\/\/www.artpap.cz\/wp-content\/uploads\/img_a370646_w2907_t1582259342.jpg","height":0,"width":0},"url":"https:\/\/www.artpap.cz\/seznamka-na-facebooku-v-cesku-asi-ne\/","about":["Web"],"wordCount":400,"articleBody":"To, \u017ee je Dating ve v\u00fdvoji se v\u00ed u\u017e pomalu dva roky. Gener\u00e1ln\u00ed \u0159editel Facebooku Mark Zuckerberg nedlouho po ne\u0161\u0165astn\u00e9m skand\u00e1lu se zneu\u017eit\u00edm u\u017eivatelsk\u00fdch dat ozn\u00e1mil, \u017ee chystaj\u00ed pr\u00e1v\u011b toto roz\u0161\u00ed\u0159en\u00ed. Jako d\u016fvod uvedl, \u017ee je na soci\u00e1ln\u00ed s\u00edti zaregistrov\u00e1no n\u011bco p\u0159es 200 milion\u016f nezadan\u00fdch lid\u00ed. Alespo\u0148 to tedy nemaj\u00ed vypsan\u00e9 v profilu. C\u00edlem pro spole\u010dnost je umo\u017enit u\u017eivatel\u016fm udr\u017eovat dlouhodob\u00fd vztah, a ne jenom setk\u00e1n\u00ed ve stylu \u201ena jednu noc\u201c, jako je v p\u0159\u00edpad\u011b klasick\u00fdch internetov\u00fdch seznamek.&#13; A pr\u00e1v\u011b takov\u00e9 Zuckerbergovo prohl\u00e1\u0161en\u00ed ovlivnilo. Nap\u0159\u00edklad spole\u010dnost, kter\u00e1 stoj\u00ed za aplikac\u00ed Tinder v\u00fdrazn\u011b spadla hodnota akci\u00ed. Zda slu\u017eba Dating dok\u00e1\u017ee p\u0159ekonat, nebojme se \u0159\u00edct velik\u00e1na v t\u00e9to kategorii, z\u00e1le\u017e\u00ed na tom, jestli Facebook zapracuje na jeho chab\u00e9 bezpe\u010dnosti. To maj\u00ed i v pl\u00e1nu, dle slov Zuckerberga: \u201eHled\u00e1n\u00ed l\u00e1sky je velice osobn\u00ed z\u00e1le\u017eitost. Proto se zam\u011b\u0159\u00edme na ochranu va\u0161eho soukrom\u00ed.\u201c&#13; Jedna v\u011bc je ale n\u011bco sl\u00edbit, druh\u00e1 dodr\u017eet.&#13; V USA, a ostatn\u00edch zem\u00ed mimo Evropskou unii, u\u017e je v provozu od z\u00e1\u0159\u00ed minul\u00e9ho roku. V \u010cesk\u00e9 republice ale je\u0161t\u011b n\u011bjak\u00fd \u010das fungovat nebude. P\u016fvodn\u011b m\u011bla b\u00fdt v provozu ji\u017e od 20.2., jen\u017ee org\u00e1n\u016fm se nel\u00edbil p\u0159\u00edstup spole\u010dnosti. Za prv\u00e9 datum spu\u0161t\u011bn\u00ed Datingu ozn\u00e1mila jen deset dn\u016f p\u0159edt\u00edm a za druh\u00e9 ani nep\u0159edlo\u017eila dokumenty o ochran\u011b osobn\u00edch \u00fadaj\u016f. Co\u017e je vzhledem k ned\u00e1vn\u00fdm probl\u00e9m\u016fm s t\u011bmito daty celkem hloupost. \u010clov\u011bk by si myslel, \u017ee by si r\u00e1di spravili reputaci.&#13; Kauza se \u0159e\u0161\u00ed p\u0159ev\u00e1\u017en\u011b v Irsku, kde m\u00e1 firma s\u00eddlo Evropsk\u00e9 divize. \u010cili v\u0161e \u0159e\u0161\u00ed s Irskou komis\u00ed pro ochranu dat. Dalo by se tedy \u0159\u00edci, \u017ee rozhodnut\u00ed Irsk\u00e9 komise m\u00e1 nejv\u011bt\u0161\u00ed v\u00e1hu a je kone\u010dn\u00e9. Po vysly\u0161en\u00ed st\u00ed\u017enost\u00ed rad\u011bji Facebook ustoupil a zprovozn\u011bn\u00ed Datingu odlo\u017eil na neur\u010dito. Je ale mo\u017en\u00e9, \u017ee se seznamky do\u010dk\u00e1me je\u0161t\u011b tento rok. Pokud u\u017e firma ud\u011bl\u00e1 v\u0161e spr\u00e1vn\u011b, a hlavn\u011b komisi upozorn\u00ed s v\u00fdrazn\u00fdm p\u0159edstihem.                                                                                                                                                                                                                                                                                                                                                                                        4.2\/5 - (10 votes)        "},{"@context":"https:\/\/schema.org\/","@type":"BreadcrumbList","itemListElement":[{"@type":"ListItem","position":1,"name":"Seznamka na Facebooku? V \u010cesku asi ne","item":"https:\/\/www.artpap.cz\/seznamka-na-facebooku-v-cesku-asi-ne\/#breadcrumbitem"}]}]