[{"@context":"https:\/\/schema.org\/","@type":"Article","@id":"https:\/\/www.artpap.cz\/doprejme-si-peci\/#Article","mainEntityOfPage":"https:\/\/www.artpap.cz\/doprejme-si-peci\/","headline":"Dop\u0159ejme si p\u00e9\u010di","name":"Dop\u0159ejme si p\u00e9\u010di","description":"D\u0159\u00edve \u010di pozd\u011bji si ka\u017ed\u00fd z n\u00e1s uv\u011bdom\u00ed, \u017ee st\u00e1rne. M\u016f\u017ee se to projevovat zv\u00fd\u0161enou \u00fanavou, m\u016f\u017ee se to projevovat t\u0159eba i t\u00edm, \u017ee jednodu\u0161e nevydr\u017e\u00edme tolik, jak jsme byli zvykl\u00ed. Nep\u0159ep\u00ednejme sv\u00e9 t\u011blo, naslouchejme mu a pe\u010dujme o n\u011bj. Jen tak m\u016f\u017eeme je\u0161t\u011b dlouho z\u016fstat v kondici a c\u00edtit se dob\u0159e. Ve v\u011bku 55 [&hellip;]","datePublished":"2025-03-14","dateModified":"2025-03-14","author":{"@type":"Person","@id":"https:\/\/www.artpap.cz\/author\/#Person","name":"","url":"https:\/\/www.artpap.cz\/author\/","identifier":1,"image":{"@type":"ImageObject","@id":"https:\/\/secure.gravatar.com\/avatar\/9bd672608a9ea50cfcb35956b7f63dacf48dece49eb907e6bdd72bedd9991f24?s=96&d=mm&r=g","url":"https:\/\/secure.gravatar.com\/avatar\/9bd672608a9ea50cfcb35956b7f63dacf48dece49eb907e6bdd72bedd9991f24?s=96&d=mm&r=g","height":96,"width":96}},"publisher":{"@type":"Organization","name":"artpap.cz","logo":{"@type":"ImageObject","@id":"\/logo.png","url":"\/logo.png","width":600,"height":60}},"url":"https:\/\/www.artpap.cz\/doprejme-si-peci\/","wordCount":243,"articleBody":"D\u0159\u00edve \u010di pozd\u011bji si ka\u017ed\u00fd z n\u00e1s uv\u011bdom\u00ed, \u017ee st\u00e1rne. M\u016f\u017ee se to projevovat zv\u00fd\u0161enou \u00fanavou, m\u016f\u017ee se to projevovat t\u0159eba i t\u00edm, \u017ee jednodu\u0161e nevydr\u017e\u00edme tolik, jak jsme byli zvykl\u00ed. Nep\u0159ep\u00ednejme sv\u00e9 t\u011blo, naslouchejme mu a pe\u010dujme o n\u011bj. Jen tak m\u016f\u017eeme je\u0161t\u011b dlouho z\u016fstat v kondici a c\u00edtit se dob\u0159e. Ve v\u011bku 55 let a v\u00edce ji\u017e jist\u011b ocen\u00edme, kdy\u017e se o n\u00e1s bude n\u011bkdo druh\u00fd pe\u010dliv\u011b starat. Dop\u0159ejme si n\u011bkter\u00fd l\u00e1ze\u0148sk\u00fd z\u00e1jezd, na jedn\u00e9 adrese m\u016f\u017eete snadno nal\u00e9zt v\u0161echny pobyty pro seniory, \u0159azen\u00e9 jsou t\u00e9maticky \u010di podle lokality. Na klouby a svaly Pokud c\u00edt\u00edte, \u017ee Va\u0161e t\u011blo ji\u017e nen\u00ed tak pru\u017en\u00e9 a sv\u011b\u017e\u00ed, je d\u016fle\u017eit\u00e9 zvolit pro n\u011bj tu spr\u00e1vnou p\u00e9\u010di. Zkuste nap\u0159\u00edklad v\u00ed\u0159ivou koupel s ra\u0161elinov\u00fdm extraktem, v\u011bzte, \u017ee nebudete cht\u00edt vyl\u00e9zt. Krom\u011b n\u00ed m\u016f\u017eete dostat i mas\u00e1\u017e a ra\u0161elinov\u00fd z\u00e1bal. Vyzkou\u0161ejte na vlastn\u00ed k\u016f\u017ei klimatoterapii, terapii od mu\u017ee, jeho\u017e jm\u00e9no zdej\u0161\u00ed l\u00e1zn\u011b hrd\u011b nesou. Zaj\u00edm\u00e1 V\u00e1s, kde V\u00e1s budou takto h\u00fd\u010dkat? Odpov\u011b\u010f je jednoduch\u00e1, zaje\u010fte do Jesen\u00edku do Priessnitzov\u00fdch l\u00e1zn\u00ed. V\u00e1\u0161 pohybov\u00fd apar\u00e1t oml\u00e1dne o desetilet\u00ed.                                                                                                                                                                                                                                                                                                                                                                                                "},{"@context":"https:\/\/schema.org\/","@type":"BreadcrumbList","itemListElement":[{"@type":"ListItem","position":1,"name":"Dop\u0159ejme si p\u00e9\u010di","item":"https:\/\/www.artpap.cz\/doprejme-si-peci\/#breadcrumbitem"}]}]