[{"@context":"https:\/\/schema.org\/","@type":"Article","@id":"https:\/\/www.artpap.cz\/auto-pro-aktivni-zivotni-styl\/#Article","mainEntityOfPage":"https:\/\/www.artpap.cz\/auto-pro-aktivni-zivotni-styl\/","headline":"Auto pro aktivn\u00ed \u017eivotn\u00ed styl","name":"Auto pro aktivn\u00ed \u017eivotn\u00ed styl","description":"Pokud ji\u017e del\u0161\u00ed dobu hled\u00e1te auto pro V\u00e1\u0161 aktivn\u00ed \u017eivotn\u00ed styl, mo\u017en\u00e1 bude vhodn\u00e9 pod\u00edvat se na nab\u00eddku Volkswagenu.Jsme p\u0159esv\u011bd\u010deni, \u017ee si zde n\u011bjak\u00e9ho Va\u0161eho favorita jist\u011b najdete. Mo\u017en\u00e1 bude z tak \u0161irok\u00e9 nab\u00eddky dokonce velmi t\u011b\u017ek\u00e9, vybrat pouze jeden model. L\u00edbit se V\u00e1m bude mo\u017en\u00e1 hned n\u011bkolik aut. Ur\u010dit\u011b ocen\u00edte bohatou v\u00fdbavu a mo\u017enost [&hellip;]","datePublished":"2025-08-28","dateModified":"2025-08-28","author":{"@type":"Person","@id":"https:\/\/www.artpap.cz\/author\/#Person","name":"","url":"https:\/\/www.artpap.cz\/author\/","identifier":1,"image":{"@type":"ImageObject","@id":"https:\/\/secure.gravatar.com\/avatar\/9bd672608a9ea50cfcb35956b7f63dacf48dece49eb907e6bdd72bedd9991f24?s=96&d=mm&r=g","url":"https:\/\/secure.gravatar.com\/avatar\/9bd672608a9ea50cfcb35956b7f63dacf48dece49eb907e6bdd72bedd9991f24?s=96&d=mm&r=g","height":96,"width":96}},"publisher":{"@type":"Organization","name":"artpap.cz","logo":{"@type":"ImageObject","@id":"\/logo.png","url":"\/logo.png","width":600,"height":60}},"url":"https:\/\/www.artpap.cz\/auto-pro-aktivni-zivotni-styl\/","wordCount":182,"articleBody":"Pokud ji\u017e del\u0161\u00ed dobu hled\u00e1te auto pro V\u00e1\u0161 aktivn\u00ed \u017eivotn\u00ed styl, mo\u017en\u00e1 bude vhodn\u00e9 pod\u00edvat se na nab\u00eddku Volkswagenu.Jsme p\u0159esv\u011bd\u010deni, \u017ee si zde n\u011bjak\u00e9ho Va\u0161eho favorita jist\u011b najdete. Mo\u017en\u00e1 bude z tak \u0161irok\u00e9 nab\u00eddky dokonce velmi t\u011b\u017ek\u00e9, vybrat pouze jeden model. L\u00edbit se V\u00e1m bude mo\u017en\u00e1 hned n\u011bkolik aut. Ur\u010dit\u011b ocen\u00edte bohatou v\u00fdbavu a mo\u017enost si vyzkou\u0161et vozidlo p\u0159i testovac\u00ed j\u00edzd\u011b. Ke ka\u017ed\u00e9mu z\u00e1kazn\u00edkovi u t\u00e9to automobilky p\u0159istupuj\u00ed individu\u00e1ln\u011b. Aerodynamick\u00fd tvar volantu U Volkswagenu budete m\u00edt zaru\u010den po\u017eitek z j\u00edzdy i d\u00edky aerodynamick\u00e9mu tvaru volantu. Budete si p\u0159ipadat jako z\u00e1vodn\u00edk, kter\u00fd se sna\u017e\u00ed dojet do c\u00edle jako prvn\u00ed. \u017d\u00e1dn\u00e1 zat\u00e1\u010dka pro V\u00e1s nebude p\u0159edstavovat probl\u00e9m. Jeho funkce vyu\u017eijete i p\u0159i parkov\u00e1n\u00ed. Parkov\u00e1n\u00ed bude s t\u00edmto pomocn\u00edkem velmi snadn\u00e9 a okam\u017eit\u011b si ho zamilujete. Kvalitn\u00ed volant je prost\u011b k nezaplacen\u00ed.                                                                                                                                                                                                                                                                                                                                                                                                "},{"@context":"https:\/\/schema.org\/","@type":"BreadcrumbList","itemListElement":[{"@type":"ListItem","position":1,"name":"Auto pro aktivn\u00ed \u017eivotn\u00ed styl","item":"https:\/\/www.artpap.cz\/auto-pro-aktivni-zivotni-styl\/#breadcrumbitem"}]}]